{"id":651,"date":"2017-04-24T13:21:43","date_gmt":"2017-04-24T12:21:43","guid":{"rendered":"http:\/\/lrphotographie.fr\/?p=651"},"modified":"2017-08-21T14:26:17","modified_gmt":"2017-08-21T13:26:17","slug":"ski2bike","status":"publish","type":"post","link":"https:\/\/lrphotographie.fr\/index.php\/2017\/04\/24\/ski2bike\/","title":{"rendered":"Ski2Bike"},"content":{"rendered":"<div id=\"fb-root\"><\/div>\n<p><script>(function(d, s, id) {\n  var js, fjs = d.getElementsByTagName(s)[0];\n  if (d.getElementById(id)) return;\n  js = d.createElement(s); js.id = id;\n  js.src = \"\/\/connect.facebook.net\/fr_FR\/sdk.js#xfbml=1&version=v2.10\";\n  fjs.parentNode.insertBefore(js, fjs);\n}(document, 'script', 'facebook-jssdk'));<\/script><\/p>\n<div class=\"fb-video\" data-href=\"https:\/\/www.facebook.com\/lesarcs\/videos\/10154353542031759\/\" data-width=\"500\" data-show-text=\"true\">\n<blockquote class=\"fb-xfbml-parse-ignore\" cite=\"https:\/\/www.facebook.com\/lesarcs\/videos\/10154353542031759\/\"><p><a href=\"https:\/\/www.facebook.com\/lesarcs\/videos\/10154353542031759\/\">Ski2Bike<\/a><\/p>\n<p>SKI2BIKE<br \/>\nLe 1er relais ski-VTT a marqu\u00e9 cette fin de saison de &#x1f3bf; pour donner le top d\u00e9part de la saison d&rsquo;\u00e9t\u00e9 ! Un beau moment de partage made in Les Arcs &#x1f643;<br \/>\n#PrintempsduSki<\/p>\n<p>Publi\u00e9 par <a href=\"https:\/\/www.facebook.com\/lesarcs\/\">Les Arcs<\/a> sur lundi 24 avril 2017<\/p><\/blockquote>\n<\/div>\n","protected":false},"excerpt":{"rendered":"<p>Ski2Bike SKI2BIKE Le 1er relais ski-VTT a marqu\u00e9 cette fin de saison de &#x1f3bf; pour donner le top d\u00e9part de la saison d&rsquo;\u00e9t\u00e9 ! Un beau moment de partage made [&hellip;]<\/p>\n","protected":false},"author":1,"featured_media":654,"comment_status":"closed","ping_status":"open","sticky":false,"template":"","format":"video","meta":{"footnotes":""},"categories":[8],"tags":[5,28,37,38],"class_list":["post-651","post","type-post","status-publish","format-video","has-post-thumbnail","hentry","category-videos","tag-dji","tag-inspire-2","tag-les-arcs","tag-savoie","post_format-post-format-video"],"_links":{"self":[{"href":"https:\/\/lrphotographie.fr\/index.php\/wp-json\/wp\/v2\/posts\/651","targetHints":{"allow":["GET"]}}],"collection":[{"href":"https:\/\/lrphotographie.fr\/index.php\/wp-json\/wp\/v2\/posts"}],"about":[{"href":"https:\/\/lrphotographie.fr\/index.php\/wp-json\/wp\/v2\/types\/post"}],"author":[{"embeddable":true,"href":"https:\/\/lrphotographie.fr\/index.php\/wp-json\/wp\/v2\/users\/1"}],"replies":[{"embeddable":true,"href":"https:\/\/lrphotographie.fr\/index.php\/wp-json\/wp\/v2\/comments?post=651"}],"version-history":[{"count":4,"href":"https:\/\/lrphotographie.fr\/index.php\/wp-json\/wp\/v2\/posts\/651\/revisions"}],"predecessor-version":[{"id":679,"href":"https:\/\/lrphotographie.fr\/index.php\/wp-json\/wp\/v2\/posts\/651\/revisions\/679"}],"wp:featuredmedia":[{"embeddable":true,"href":"https:\/\/lrphotographie.fr\/index.php\/wp-json\/wp\/v2\/media\/654"}],"wp:attachment":[{"href":"https:\/\/lrphotographie.fr\/index.php\/wp-json\/wp\/v2\/media?parent=651"}],"wp:term":[{"taxonomy":"category","embeddable":true,"href":"https:\/\/lrphotographie.fr\/index.php\/wp-json\/wp\/v2\/categories?post=651"},{"taxonomy":"post_tag","embeddable":true,"href":"https:\/\/lrphotographie.fr\/index.php\/wp-json\/wp\/v2\/tags?post=651"}],"curies":[{"name":"wp","href":"https:\/\/api.w.org\/{rel}","templated":true}]}}